{"id":3821,"date":"2021-09-21T10:22:50","date_gmt":"2021-09-21T10:22:50","guid":{"rendered":"https:\/\/ellz.net\/?p=3821"},"modified":"2021-11-11T13:35:24","modified_gmt":"2021-11-11T13:35:24","slug":"rendez-vous-au-workspace-expo-2021","status":"publish","type":"post","link":"https:\/\/ellz.net\/?p=3821","title":{"rendered":"Workspace Expo 2021 &#8211; 5 au 7 Octobre Paris Porte de Versailles"},"content":{"rendered":"\n<p>C&rsquo;est la rentr\u00e9e d&rsquo;ellz and beyond et nous profiterons du salon Workspace Expo du 5 au 7 octobre pour vous faire d\u00e9couvrir les derniers d\u00e9veloppements de nos solutions&nbsp;<a href=\"https:\/\/www.linkedin.com\/feed\/hashtag\/?keywords=connexia&amp;highlightedUpdateUrns=urn%3Ali%3Aactivity%3A6845998507329896448\">#ConneXia<\/a>&nbsp;et&nbsp;<a href=\"https:\/\/www.linkedin.com\/feed\/hashtag\/?keywords=sepktra&amp;highlightedUpdateUrns=urn%3Ali%3Aactivity%3A6845998507329896448\">#SepKtra<\/a>. Con\u00e7us en \u00e9troite collaboration avec nos clients et partenaires, ils constituent une r\u00e9ponse op\u00e9rationnelle aux enjeux des nouveaux modes de travail, hybrides et flexibles.&nbsp;<\/p>\n\n\n\n<p><\/p>\n","protected":false},"excerpt":{"rendered":"<p>C&rsquo;est la rentr\u00e9e d&rsquo;ellz and beyond et nous profiterons du salon Workspace Expo du 5 au 7 octobre pour vous faire d\u00e9couvrir les derniers d\u00e9veloppements de nos solutions&nbsp;#ConneXia&nbsp;et&nbsp;#SepKtra. Con\u00e7us en \u00e9troite collaboration avec nos clients et partenaires, ils constituent une r\u00e9ponse op\u00e9rationnelle aux enjeux des nouveaux modes de travail, hybrides et flexibles.&nbsp;<\/p>\n","protected":false},"author":3,"featured_media":3822,"comment_status":"closed","ping_status":"closed","sticky":false,"template":"","format":"standard","meta":{"footnotes":""},"categories":[8],"tags":[28,27,10,29],"_links":{"self":[{"href":"https:\/\/ellz.net\/index.php?rest_route=\/wp\/v2\/posts\/3821"}],"collection":[{"href":"https:\/\/ellz.net\/index.php?rest_route=\/wp\/v2\/posts"}],"about":[{"href":"https:\/\/ellz.net\/index.php?rest_route=\/wp\/v2\/types\/post"}],"author":[{"embeddable":true,"href":"https:\/\/ellz.net\/index.php?rest_route=\/wp\/v2\/users\/3"}],"replies":[{"embeddable":true,"href":"https:\/\/ellz.net\/index.php?rest_route=%2Fwp%2Fv2%2Fcomments&post=3821"}],"version-history":[{"count":5,"href":"https:\/\/ellz.net\/index.php?rest_route=\/wp\/v2\/posts\/3821\/revisions"}],"predecessor-version":[{"id":3827,"href":"https:\/\/ellz.net\/index.php?rest_route=\/wp\/v2\/posts\/3821\/revisions\/3827"}],"wp:featuredmedia":[{"embeddable":true,"href":"https:\/\/ellz.net\/index.php?rest_route=\/wp\/v2\/media\/3822"}],"wp:attachment":[{"href":"https:\/\/ellz.net\/index.php?rest_route=%2Fwp%2Fv2%2Fmedia&parent=3821"}],"wp:term":[{"taxonomy":"category","embeddable":true,"href":"https:\/\/ellz.net\/index.php?rest_route=%2Fwp%2Fv2%2Fcategories&post=3821"},{"taxonomy":"post_tag","embeddable":true,"href":"https:\/\/ellz.net\/index.php?rest_route=%2Fwp%2Fv2%2Ftags&post=3821"}],"curies":[{"name":"wp","href":"https:\/\/api.w.org\/{rel}","templated":true}]}}